{"id":841,"date":"2023-05-23T09:00:00","date_gmt":"2023-05-23T12:00:00","guid":{"rendered":"https:\/\/www.hublegal.cl\/?p=841"},"modified":"2023-05-23T15:56:19","modified_gmt":"2023-05-23T18:56:19","slug":"nuevo-impuesto-iva-a-los-servicios-y-exencion-de-la-sociedad-de-profesionales","status":"publish","type":"post","link":"https:\/\/www.hublegal.cl\/en\/2023\/05\/23\/nuevo-impuesto-iva-a-los-servicios-y-exencion-de-la-sociedad-de-profesionales\/","title":{"rendered":"Nuevo Impuesto (IVA) a los Servicios y Exenci\u00f3n de la Sociedad de Profesionales"},"content":{"rendered":"<p class=\"wp-block-paragraph\">A partir del 1 enero del a\u00f1o 2023, entr\u00f3 en vigencia la Ley 21.420, la que reduce o elimina ciertas exenciones tributarias que se indican en la ley.<\/p>\n\n\n\n<p class=\"wp-block-paragraph\">El cambio m\u00e1s significativo que ocurre con la aplicaci\u00f3n de la nueva Ley es la afectaci\u00f3n con Impuesto al Valor Agregado o IVA de todos (o la gran mayor\u00eda) de los servicios.<\/p>\n\n\n\n<p class=\"wp-block-paragraph\">En esta entrada revisaremos que implica este cambio, luego enunciaremos las contadas excepciones que se permiten de servicios que se podr\u00e1n facturar exentos de IVA y nos detendremos a revisar en detalle una de ella, relativa a servicios realizados por sociedades de profesionales.<\/p>\n\n\n\n<figure class=\"wp-block-image size-full\"><img loading=\"lazy\" decoding=\"async\" width=\"2560\" height=\"1697\" src=\"https:\/\/www.hublegal.cl\/wp-content\/uploads\/2023\/05\/vale-5TfjVPWevE0-unsplash-comprimida-scaled.jpeg\" alt=\"\" class=\"wp-image-848\" srcset=\"https:\/\/www.hublegal.cl\/wp-content\/uploads\/2023\/05\/vale-5TfjVPWevE0-unsplash-comprimida-scaled.jpeg 2560w, https:\/\/www.hublegal.cl\/wp-content\/uploads\/2023\/05\/vale-5TfjVPWevE0-unsplash-comprimida-300x199.jpeg 300w, https:\/\/www.hublegal.cl\/wp-content\/uploads\/2023\/05\/vale-5TfjVPWevE0-unsplash-comprimida-768x509.jpeg 768w, https:\/\/www.hublegal.cl\/wp-content\/uploads\/2023\/05\/vale-5TfjVPWevE0-unsplash-comprimida-1536x1018.jpeg 1536w\" sizes=\"(max-width: 2560px) 100vw, 2560px\" \/><\/figure>\n\n\n\n<p class=\"wp-block-paragraph\"><strong>Nueva definici\u00f3n legal de \u201cservicio\u201d<\/strong><\/p>\n\n\n\n<p class=\"wp-block-paragraph\">La Ley, modifica la actual definici\u00f3n de servicio que encontr\u00e1bamos en la Ley sobre impuesto a las ventas y servicios o Ley de IVA, quedando de la siguiente manera: \u201cLa acci\u00f3n o prestaci\u00f3n que una persona realiza para otra y por la cual percibe un inter\u00e9s, prima, comisi\u00f3n o cualquiera otra forma de remuneraci\u00f3n\u201d. De esta forma se elimina la remisi\u00f3n a la Ley de la Renta que establec\u00eda un catalogo acotado de servicios, los que estar\u00edan afectos al pago de iVA.<\/p>\n\n\n\n<p class=\"wp-block-paragraph\">Con esta eliminaci\u00f3n, se comprende en la categor\u00eda de servicios afectos a IVA todos los servicios posibles, salvo las excepciones que ya exist\u00edan o las que se establecieron en la misma ley. En este saco se incluyen servicios que por muchos a\u00f1os fueron exentos, como el tratamiento de datos, organizaci\u00f3n de eventos y convenciones, mensajer\u00eda, investigaci\u00f3n y desarrollo, asesor\u00edas legales,&nbsp; contables o tributarias, y en general cualquier tipo de asesor\u00eda o consultor\u00eda, <a href=\"https:\/\/www.sii.cl\/destacados\/iva_prestacion_servicios\/vb_actividades_economicas.pdf\">entre otras<\/a>.<\/p>\n\n\n\n<p class=\"wp-block-paragraph\"><strong>Exepciones a la regla, servicios exentos de IVA<\/strong><\/p>\n\n\n\n<p class=\"wp-block-paragraph\">La nueva Ley mantuvo vigentes las exenciones que ya exist\u00edan para las personas naturales que emiten boletas de honorarios, quienes no tendr\u00e1n ning\u00fan cambio en su operaci\u00f3n.<\/p>\n\n\n\n<p class=\"wp-block-paragraph\">Igualmente se mantuvieron 2 exenciones que ya exist\u00edan en la Ley sobre impuesto a las ventas y servicios, como son el transporte de pasajeros (urbano, interurbano, interprovincial y rural, entre otros) y los servicios de educaci\u00f3n (colegios, jardines, universidades, entre otros).<\/p>\n\n\n\n<p class=\"wp-block-paragraph\">Adicionalmente, esta Ley exime de IVA a los servicios ambulatorios de salud (consultas m\u00e9dicas, odontol\u00f3gicas, psic\u00f3logos, psiquiatras, kinesi\u00f3logos, imagenolog\u00eda, entre otros) y a los ingresos de las sociedades de profesionales (siempre que cumplan todos los requisitos que revisaremos).<\/p>\n\n\n\n<p class=\"wp-block-paragraph\"><strong>Servicios prestado por Sociedades de Profesionales<\/strong><\/p>\n\n\n\n<p class=\"wp-block-paragraph\">La Ley que entr\u00f3 en vigencia crea una exenci\u00f3n que se refiere a este tipo de Sociedades, que ya exist\u00edan en la legislaci\u00f3n tributaria. Se trata de sociedades conformadas por profesionales de un mismo rubro, que a pesar de ser ser sociedades, pod\u00edan acogerse al r\u00e9gimen de tributaci\u00f3n de las personas naturales llamado de 2da categor\u00eda u optar por pasar al r\u00e9gimen com\u00fan de las sociedades que es 1era categor\u00eda. La gran diferencia es que la 2da categor\u00eda es un impuesto de tasa progresiva y el de 1era es de tasa fija, por lo que dependiendo de la cantidad de ingresos (y gastos) pod\u00edas ser conveniente estar en uno u otro r\u00e9gimen.<\/p>\n\n\n\n<p class=\"wp-block-paragraph\">Pero m\u00e1s all\u00e1 de esto, la ley que entr\u00f3 en vigencia el 1 de enero de este a\u00f1o, les da la posibilidad a este tipo de sociedades de emitir facturas exentas por los servicios que presten a sus clientes mientras cumplan estos requisitos copulativos (o es lo mismo decir, mientras cumplan todos estos requisitos):<\/p>\n\n\n\n<ul class=\"wp-block-list\">\n<li>Ser una sociedad de personas que tiene como objetivo exclusivo la prestaci\u00f3n de servicios o asesor\u00edas profesionales.<\/li>\n\n\n\n<li>Todos sus socios deben ser personas naturales u otras sociedades de profesionales y deben ejercer sus profesiones para la sociedad (no se permiten socios que solo aporten capital).<\/li>\n\n\n\n<li>Las profesiones u oficios de los socios deben ser id\u00e9nticas, similares, afines o complementarias.<\/li>\n\n\n\n<li>Los servicios deben ser prestados por los socios o con la colaboraci\u00f3n de dependientes que ayuden en la prestaci\u00f3n del servicio.<\/li>\n\n\n\n<li>Todos los miembros de la sociedad deben tener el t\u00edtulo profesional o no profesional que los habilita.<\/li>\n\n\n\n<li>Deben estar registrados como sociedad de profesionales ante el SII.<\/li>\n<\/ul>\n\n\n\n<p class=\"wp-block-paragraph\">La ley otorga un plazo de 6 meses, esto es hasta el 30 de junio de 2023 para que las sociedades existentes puedan acogerse a este r\u00e9gimen en caso de querer facturar sin el impuesto al valor agregado (IVA). Para sociedades nuevas, es una opci\u00f3n que deben optar al momento de declarar el inicio de actividades, siempre que cumplan con los requisitos.<\/p>\n\n\n\n<p class=\"wp-block-paragraph\">Para mayores detalles sobre estos requisitos, y entender si cumples o no con la posibilidad de acogerte a este sistema puedes revisar los detalles en la circular <a rel=\"noreferrer noopener\" href=\"https:\/\/www.sii.cl\/normativa_legislacion\/circulares\/2022\/circu50.pdf\" target=\"_blank\">N\u00ba 50 de 2022 del Servicio de Impuestos Internos<\/a>, o &nbsp;puedes <a href=\"https:\/\/calendly.com\/santiago-hublegal\/30min\">agendar una reuni\u00f3n virtual<\/a> con nuestro equipo e informarte.<\/p>\n\n\n\n<p class=\"wp-block-paragraph\">Sobre el procedimiento para optar al r\u00e9gimen, se dict\u00f3 la <a rel=\"noreferrer noopener\" href=\"https:\/\/www.sii.cl\/normativa_legislacion\/circulares\/2022\/circu50.pdf\" target=\"_blank\">resoluci\u00f3n exenta N\u00ba 115 del a\u00f1o pasado<\/a> que explica el paso a paso para cada caso particular.<\/p>\n\n\n\n<p class=\"wp-block-paragraph\">Por tanto, si posees hoy tu giro principal es la prestaci\u00f3n de servicios y lo haces a trav\u00e9s de una Sociedad An\u00f3nima, Sociedad por Acciones o alg\u00fan otro tipo de sociedad, y el hecho de actuar como retenedor de IVA te esta generando problemas y te resta competitivdad, tienes la opci\u00f3n de transformarte y acogerte al r\u00e9gimen especial hasta el 30 de junio del 2023.<\/p>\n\n\n\n<p class=\"wp-block-paragraph\">Texto de Joaquin Izquierdo y Santiago Henr\u00edquez<\/p>\n\n\n\n<p class=\"wp-block-paragraph\">Foto de <a href=\"https:\/\/unsplash.com\/de\/@100millione?utm_source=unsplash&amp;utm_medium=referral&amp;utm_content=creditCopyText\">vale<\/a> en <a href=\"https:\/\/unsplash.com\/es?utm_source=unsplash&amp;utm_medium=referral&amp;utm_content=creditCopyText\">Unsplash<\/a><\/p>","protected":false},"excerpt":{"rendered":"<p>A partir del 1 enero del a\u00f1o 2023, entr\u00f3 en vigencia la Ley 21.420, la que reduce o elimina ciertas exenciones tributarias que se indican en la ley. El cambio m\u00e1s significativo que ocurre con la aplicaci\u00f3n de la nueva Ley es la afectaci\u00f3n con Impuesto al Valor Agregado o IVA de todos (o la [&hellip;]<\/p>\n","protected":false},"author":5,"featured_media":848,"comment_status":"open","ping_status":"open","sticky":true,"template":"","format":"standard","meta":{"_et_pb_use_builder":"off","_et_pb_old_content":"","_et_gb_content_width":"","inline_featured_image":false,"footnotes":""},"categories":[12],"tags":[10,9,11],"class_list":["post-841","post","type-post","status-publish","format-standard","has-post-thumbnail","hentry","category-impuestos","tag-impuestos","tag-iva","tag-sociedad-de-profesionales"],"_links":{"self":[{"href":"https:\/\/www.hublegal.cl\/en\/wp-json\/wp\/v2\/posts\/841","targetHints":{"allow":["GET"]}}],"collection":[{"href":"https:\/\/www.hublegal.cl\/en\/wp-json\/wp\/v2\/posts"}],"about":[{"href":"https:\/\/www.hublegal.cl\/en\/wp-json\/wp\/v2\/types\/post"}],"author":[{"embeddable":true,"href":"https:\/\/www.hublegal.cl\/en\/wp-json\/wp\/v2\/users\/5"}],"replies":[{"embeddable":true,"href":"https:\/\/www.hublegal.cl\/en\/wp-json\/wp\/v2\/comments?post=841"}],"version-history":[{"count":5,"href":"https:\/\/www.hublegal.cl\/en\/wp-json\/wp\/v2\/posts\/841\/revisions"}],"predecessor-version":[{"id":852,"href":"https:\/\/www.hublegal.cl\/en\/wp-json\/wp\/v2\/posts\/841\/revisions\/852"}],"wp:featuredmedia":[{"embeddable":true,"href":"https:\/\/www.hublegal.cl\/en\/wp-json\/wp\/v2\/media\/848"}],"wp:attachment":[{"href":"https:\/\/www.hublegal.cl\/en\/wp-json\/wp\/v2\/media?parent=841"}],"wp:term":[{"taxonomy":"category","embeddable":true,"href":"https:\/\/www.hublegal.cl\/en\/wp-json\/wp\/v2\/categories?post=841"},{"taxonomy":"post_tag","embeddable":true,"href":"https:\/\/www.hublegal.cl\/en\/wp-json\/wp\/v2\/tags?post=841"}],"curies":[{"name":"wp","href":"https:\/\/api.w.org\/{rel}","templated":true}]}}