{"id":502,"date":"2016-09-06T19:39:00","date_gmt":"2016-09-06T22:39:00","guid":{"rendered":"https:\/\/www.hublegal.cl\/?p=502"},"modified":"2021-10-26T19:40:47","modified_gmt":"2021-10-26T22:40:47","slug":"9punto5-hablemos-de-teletrabajo-en-valdivia","status":"publish","type":"post","link":"https:\/\/www.hublegal.cl\/en\/2016\/09\/06\/9punto5-hablemos-de-teletrabajo-en-valdivia\/","title":{"rendered":"9punto5: Hablemos de Teletrabajo en Valdivia"},"content":{"rendered":"<p class=\"wp-block-paragraph\">Los d\u00edas 1 y 2 de Septiembre se llev\u00f3 a cabo la conferencia\u00a0<a rel=\"noreferrer noopener\" href=\"http:\/\/www.9punto5.cl\/\" target=\"_blank\">9punto5<\/a>\u00a0en Valdivia. El tema que motiv\u00f3 la creaci\u00f3n del evento y la mayor\u00eda de las presentaciones de los expositores fue el trabajo remoto como alternativa a la forma de trabajar actualmente. Idea esta que agarra un impulso relevante en el mercado de servicios de desarrollo de software.<\/p>\n\n\n\n<p class=\"wp-block-paragraph\">La conferencia fue bautizada como&nbsp;<a href=\"http:\/\/www.9punto5.cl\/\" target=\"_blank\" rel=\"noreferrer noopener\">9punto5<\/a>&nbsp;en atenci\u00f3n al terremoto de Valdivia del a\u00f1o 1960, al igual que los tres salones del hotel Dreams que sirvieron de escenario para las diferentes ponencias de los presentadores invitados, identificados como \u201cRi\u00f1ihuaso\u201d, \u201c3:11\u201d y \u201cEpicentro\u201d. Pero m\u00e1s all\u00e1 de recordar lo anecd\u00f3tico, el nombre hacia alusi\u00f3n a que el evento busc\u00f3 remecer el estado actual de las cosas en relaci\u00f3n al trabajo remoto.<\/p>\n\n\n\n<p class=\"wp-block-paragraph\">Del evento participaron much\u00edsimos expositores de gran nivel, destacando entre ellos Jordan Rutdess (tecladista de Dream Theater), Leo Prieto (Fundador de FayerWayer), Danielle Reid (Directora de Dise\u00f1o de Toptal), Ignacio Romero (Desarrollador en Slack), Rodrigo Araya (Ingeniero de Software en Spotify) entre muchos otros.<\/p>\n\n\n\n<p class=\"wp-block-paragraph\">Personalmente tuve la suerte de ser invitado a participar del evento con un taller sobre Aspectos Legales y Buenas Practicas en Teletrabajo y Desarrollo de Software. El taller en si fue un \u00e9xito, generando una buena recepci\u00f3n de parte del publico a pesar de ser un tema mucho m\u00e1s \u00e1rido que el de otros expositores.<\/p>\n\n\n\n<p class=\"wp-block-paragraph\">Sin embargo lo que m\u00e1s rescato fue la experiencia personal de poder participar de un evento de primer nivel en una ciudad muy acogedora. Se not\u00f3 la pasi\u00f3n puesta en la organizaci\u00f3n por la gente de la empresa&nbsp;<a href=\"http:\/\/www.uprise.cl\/\" target=\"_blank\" rel=\"noreferrer noopener\">Uprise<\/a>&nbsp;(especial menci\u00f3n a Felipe Pe\u00f1a, creador del evento y quien me invito a participar) y de&nbsp;<a href=\"http:\/\/www.nubecowork.biz\/\" target=\"_blank\" rel=\"noreferrer noopener\">La Nube Cowork<\/a>&nbsp;(liderado por Fabi\u00e1n Acu\u00f1a).<\/p>\n\n\n\n<p class=\"wp-block-paragraph\">Adem\u00e1s de aprender y pasar un rato muy agradable, tuve la oportunidad de conectar con muchas personas ligadas al mundo de desarrollo de software, dise\u00f1o gr\u00e1fico, ingenier\u00eda, inform\u00e1tica, as\u00ed como con colegas Abogados que comparten los mismos intereses.<\/p>\n\n\n\n<p class=\"wp-block-paragraph\">Raya para la suma, un acierto en cuanto a contenido y convocatoria. Espero se repita el pr\u00f3ximo a\u00f1o para poder asistir.<\/p>\n\n\n\n<p class=\"wp-block-paragraph\">Santiago Henr\u00edquez C. Abogado<\/p>\n\n\n\n<p class=\"wp-block-paragraph\">Foto: Joralt (CCA-SA)<\/p>\n\n\n\n<p class=\"wp-block-paragraph\"><a href=\"https:\/\/i1.wp.com\/www.hublegal.cl\/web_old\/blog\/wp-content\/uploads\/2016\/09\/9punto5-valdivia-joralt.jpg\"><\/a><\/p>","protected":false},"excerpt":{"rendered":"<p>Los d\u00edas 1 y 2 de Septiembre se llev\u00f3 a cabo la conferencia 9punto5 en Valdivia. El tema que motiv\u00f3 la creaci\u00f3n del evento y la mayor\u00eda de las presentaciones de los expositores fue el trabajo remoto como alternativa a la forma de trabajar actualmente. Idea esta que agarra un impulso relevante en el mercado de servicios de desarrollo de software.<\/p>","protected":false},"author":2,"featured_media":503,"comment_status":"open","ping_status":"open","sticky":false,"template":"","format":"standard","meta":{"_et_pb_use_builder":"off","_et_pb_old_content":"","_et_gb_content_width":"","inline_featured_image":false,"footnotes":""},"categories":[1],"tags":[],"class_list":["post-502","post","type-post","status-publish","format-standard","has-post-thumbnail","hentry","category-sin-categoria"],"_links":{"self":[{"href":"https:\/\/www.hublegal.cl\/en\/wp-json\/wp\/v2\/posts\/502","targetHints":{"allow":["GET"]}}],"collection":[{"href":"https:\/\/www.hublegal.cl\/en\/wp-json\/wp\/v2\/posts"}],"about":[{"href":"https:\/\/www.hublegal.cl\/en\/wp-json\/wp\/v2\/types\/post"}],"author":[{"embeddable":true,"href":"https:\/\/www.hublegal.cl\/en\/wp-json\/wp\/v2\/users\/2"}],"replies":[{"embeddable":true,"href":"https:\/\/www.hublegal.cl\/en\/wp-json\/wp\/v2\/comments?post=502"}],"version-history":[{"count":1,"href":"https:\/\/www.hublegal.cl\/en\/wp-json\/wp\/v2\/posts\/502\/revisions"}],"predecessor-version":[{"id":504,"href":"https:\/\/www.hublegal.cl\/en\/wp-json\/wp\/v2\/posts\/502\/revisions\/504"}],"wp:featuredmedia":[{"embeddable":true,"href":"https:\/\/www.hublegal.cl\/en\/wp-json\/wp\/v2\/media\/503"}],"wp:attachment":[{"href":"https:\/\/www.hublegal.cl\/en\/wp-json\/wp\/v2\/media?parent=502"}],"wp:term":[{"taxonomy":"category","embeddable":true,"href":"https:\/\/www.hublegal.cl\/en\/wp-json\/wp\/v2\/categories?post=502"},{"taxonomy":"post_tag","embeddable":true,"href":"https:\/\/www.hublegal.cl\/en\/wp-json\/wp\/v2\/tags?post=502"}],"curies":[{"name":"wp","href":"https:\/\/api.w.org\/{rel}","templated":true}]}}