{"id":358,"date":"2021-08-17T14:37:00","date_gmt":"2021-08-17T17:37:00","guid":{"rendered":"https:\/\/www.hublegal.cl\/?p=358"},"modified":"2021-10-26T14:38:45","modified_gmt":"2021-10-26T17:38:45","slug":"proyecto-de-ley-que-regula-la-proteccion-de-datos","status":"publish","type":"post","link":"https:\/\/www.hublegal.cl\/en\/2021\/08\/17\/proyecto-de-ley-que-regula-la-proteccion-de-datos\/","title":{"rendered":"Proyecto de Ley que Regula la Protecci\u00f3n de Datos"},"content":{"rendered":"<p class=\"wp-block-paragraph\">Durante la segunda semana de marzo la Presidenta de la Rep\u00fablica firm\u00f3 el proyecto de Ley, iniciado en mensaje que regula la protecci\u00f3n y el tratamiento de los datos personales y crea la Agencia de Protecci\u00f3n de Datos Personales.<\/p>\n\n\n\n<p class=\"wp-block-paragraph\">Este proyecto introduce modificaciones sustantivas a la ley N\u00ba 19.628 Sobre la Protecci\u00f3n de la Vida Privada, incorporando una actualizaci\u00f3n de las definiciones legales as\u00ed como una serie de nuevos principios rectores que han sido reconocidos en las directrices de la OCDE<\/p>\n\n\n\n<p class=\"wp-block-paragraph\">Entre los antecedentes que el documento hace presentes antes de pasar a la redacci\u00f3n del articulado propiamente tal, hace menci\u00f3n al desarrollo de la econom\u00eda digital y el contexto internacional en el que est\u00e1 situado chile, particularmente haciendo referencia a su posici\u00f3n en la OCDE y los desaf\u00edos que sus directrices proponen en estas materias.<\/p>\n\n\n\n<p class=\"wp-block-paragraph\">Este proyecto, adem\u00e1s de buscar modernizar el marco normativo e institucional del tratamiento de los datos de las personas naturales, establece a su vez objetivos espec\u00edficos, como lo es \u201cContar con una autoridad de control de car\u00e1cter t\u00e9cnico y una institucionalidad p\u00fablica que asuma los desaf\u00edos regulatorios y de fiscalizaci\u00f3n en materia de protecci\u00f3n de las personas y tratamiento de los datos personales\u201d, entre otros.<\/p>\n\n\n\n<p class=\"wp-block-paragraph\">El documento describe las bases de la nueva legislaci\u00f3n en especial consideraci\u00f3n con, y como principio central del tratamiento de datos, el consentimiento de los usuarios.<\/p>\n\n\n\n<p class=\"wp-block-paragraph\">Una de las modificaciones importantes que pretende introducir este proyecto es el reconocimiento al titular de los datos de los \u201cderechos ARCO\u201d los que ser\u00edan los derechos de Acceso, Rectificaci\u00f3n, Cancelaci\u00f3n y Oposici\u00f3n. Dichos derechos tendr\u00edan el car\u00e1cter de irrenunciables, gratuitos y no sujetos a su limitaci\u00f3n convencional.<\/p>\n\n\n\n<p class=\"wp-block-paragraph\">De esta forma el proyecto explica uno a uno de que se tratan estos derechos: \u201cEl derecho de acceso permite solicitar y obtener confirmaci\u00f3n acerca de si sus datos personales est\u00e1n siendo tratados por el responsable y acceder a ellos, en su caso. El derecho de rectificaci\u00f3n busca que se modifique o completen los datos cuando sean inexactos o incompletos. El derecho de cancelaci\u00f3n persigue que se supriman o eliminen los datos del titular por las causales previstas en la ley. El derecho de oposici\u00f3n permite requerir que no se lleve a cabo un tratamiento de datos determinado por la concurrencia de las causales previstas en la ley\u201d.<\/p>\n\n\n\n<p class=\"wp-block-paragraph\">Asimismo el proyecto pretende hacerse cargo del \u201cderecho al olvido\u201d en relaci\u00f3n a los datos relativos a la infracciones penales, civiles, administrativas y disciplinarias, buscando con ello disminuir el acceso a informaci\u00f3n desfavorable y que afecta a la reputaci\u00f3n social de las personas, a su vez equilibr\u00e1ndolo con el derecho a la informaci\u00f3n y el inter\u00e9s p\u00fablico que hay envuelto en el acceso a ella.<\/p>\n\n\n\n<p class=\"wp-block-paragraph\">Para asegurar la protecci\u00f3n de datos, el proyecto introduce un r\u00e9gimen de responsabilidades para los responsables de los datos, as\u00ed, se crean una serie de derechos y deberes para estos \u201c, tales como acreditar la licitud del tratamiento que realizan; deberes de informaci\u00f3n; deberes de reserva y confidencialidad, de informaci\u00f3n y transparencia,&nbsp; y el deber de adoptar medidas de seguridad y reportar las vulneraciones dichas medidas\u201d.<\/p>\n\n\n\n<p class=\"wp-block-paragraph\">La mayor innovaci\u00f3n del proyecto es quiz\u00e1s la regulaci\u00f3n del \u201cBig Data\u201d lo que se traduce en la regulaci\u00f3n del tratamiento automatizado de grandes vol\u00famenes de datos, protegiendo la facultad de control del titular sobre su propia informaci\u00f3n, pero reconociendo tambi\u00e9n la licitud del acceso y uso de la informaci\u00f3n por parte de terceros y particularmente, de las empresas.<\/p>\n\n\n\n<p class=\"wp-block-paragraph\">Revisa el Proyecto&nbsp;<a href=\"http:\/\/www.senado.cl\/appsenado\/index.php?mo=tramitacion&amp;ac=getDocto&amp;iddocto=11661&amp;tipodoc=mensaje_mocion\">Aqu\u00ed<\/a><\/p>\n\n\n\n<p class=\"wp-block-paragraph\">Francisco Mulatti, Abogado<\/p>\n\n\n\n<p class=\"wp-block-paragraph\">Foto: Rita Morais (CC0)<\/p>","protected":false},"excerpt":{"rendered":"<p>Durante la segunda semana de marzo la Presidenta de la Rep\u00fablica firm\u00f3 el proyecto de Ley, iniciado en mensaje que regula la protecci\u00f3n y el tratamiento de los datos personales y crea la Agencia de Protecci\u00f3n de Datos Personales.<\/p>","protected":false},"author":2,"featured_media":332,"comment_status":"open","ping_status":"open","sticky":false,"template":"","format":"standard","meta":{"_et_pb_use_builder":"off","_et_pb_old_content":"","_et_gb_content_width":"","inline_featured_image":false,"footnotes":""},"categories":[1],"tags":[],"class_list":["post-358","post","type-post","status-publish","format-standard","has-post-thumbnail","hentry","category-sin-categoria"],"_links":{"self":[{"href":"https:\/\/www.hublegal.cl\/en\/wp-json\/wp\/v2\/posts\/358","targetHints":{"allow":["GET"]}}],"collection":[{"href":"https:\/\/www.hublegal.cl\/en\/wp-json\/wp\/v2\/posts"}],"about":[{"href":"https:\/\/www.hublegal.cl\/en\/wp-json\/wp\/v2\/types\/post"}],"author":[{"embeddable":true,"href":"https:\/\/www.hublegal.cl\/en\/wp-json\/wp\/v2\/users\/2"}],"replies":[{"embeddable":true,"href":"https:\/\/www.hublegal.cl\/en\/wp-json\/wp\/v2\/comments?post=358"}],"version-history":[{"count":1,"href":"https:\/\/www.hublegal.cl\/en\/wp-json\/wp\/v2\/posts\/358\/revisions"}],"predecessor-version":[{"id":359,"href":"https:\/\/www.hublegal.cl\/en\/wp-json\/wp\/v2\/posts\/358\/revisions\/359"}],"wp:featuredmedia":[{"embeddable":true,"href":"https:\/\/www.hublegal.cl\/en\/wp-json\/wp\/v2\/media\/332"}],"wp:attachment":[{"href":"https:\/\/www.hublegal.cl\/en\/wp-json\/wp\/v2\/media?parent=358"}],"wp:term":[{"taxonomy":"category","embeddable":true,"href":"https:\/\/www.hublegal.cl\/en\/wp-json\/wp\/v2\/categories?post=358"},{"taxonomy":"post_tag","embeddable":true,"href":"https:\/\/www.hublegal.cl\/en\/wp-json\/wp\/v2\/tags?post=358"}],"curies":[{"name":"wp","href":"https:\/\/api.w.org\/{rel}","templated":true}]}}