{"id":340,"date":"2021-07-12T14:15:00","date_gmt":"2021-07-12T17:15:00","guid":{"rendered":"https:\/\/www.hublegal.cl\/?p=340"},"modified":"2021-10-26T14:21:05","modified_gmt":"2021-10-26T17:21:05","slug":"ebooks-startup-journey-la-ruta-del-emprendimiento-de-corfo-y-otros","status":"publish","type":"post","link":"https:\/\/www.hublegal.cl\/en\/2021\/07\/12\/ebooks-startup-journey-la-ruta-del-emprendimiento-de-corfo-y-otros\/","title":{"rendered":"Ebooks: Startup Journey, La Ruta del Emprendimiento de CORFO y Otros"},"content":{"rendered":"<p class=\"wp-block-paragraph\">El sostenido crecimiento que ha experimentado Chile en materia de emprendimiento e innovaci\u00f3n, a tal punto que lo ha llevado al primer lugar en Latinoam\u00e9rica en este tema ha impulsado a la Gerencia de Emprendimiento de CORFO a la publicaci\u00f3n de \u201cStartup Journey, La Ruta del Emprendimiento\u201d. Este es el primer documento a la fecha que refleja y grafica la estrategia que se ha tomado para situar a Chile en el lugar en el que hoy se encuentra en materia de Emprendimiento Din\u00e1mico, recogiendo la experiencia de los \u00faltimos 20 a\u00f1os. Dejamos a su disposici\u00f3n este material\u00a0<a href=\"file:\/\/\/C:\/Users\/kjhn\/Downloads\/Libro+SUJ.pdf\">aqu\u00ed<\/a>.<\/p>\n\n\n\n<figure class=\"wp-block-image size-full\"><img loading=\"lazy\" decoding=\"async\" width=\"453\" height=\"643\" src=\"https:\/\/www.hublegal.cl\/wp-content\/uploads\/2021\/10\/SUJ.png\" alt=\"\" class=\"wp-image-341\" srcset=\"https:\/\/www.hublegal.cl\/wp-content\/uploads\/2021\/10\/SUJ.png 453w, https:\/\/www.hublegal.cl\/wp-content\/uploads\/2021\/10\/SUJ-211x300.png 211w\" sizes=\"(max-width: 453px) 100vw, 453px\" \/><\/figure>\n\n\n\n<p class=\"wp-block-paragraph\">Con motivo del nuevo proyecto de Ley que Modifica a la Ley N\u00ba 19.628 sobre protecci\u00f3n a la vida privada, la que regula materias sobre protecci\u00f3n de datos personales en Chile, les dejamos un estudio por Pablo Viollier de Derechos Digitales de Am\u00e9rica Latina \u201c<a href=\"https:\/\/www.derechosdigitales.org\/wp-content\/uploads\/PVB-datos-int.pdf\">El Estado de la Protecci\u00f3n de Datos Personales en Chile<\/a>\u201d.<\/p>\n\n\n\n<figure class=\"wp-block-image size-full\"><img loading=\"lazy\" decoding=\"async\" width=\"703\" height=\"913\" src=\"https:\/\/www.hublegal.cl\/wp-content\/uploads\/2021\/10\/EPDPCH.png\" alt=\"\" class=\"wp-image-342\" srcset=\"https:\/\/www.hublegal.cl\/wp-content\/uploads\/2021\/10\/EPDPCH.png 703w, https:\/\/www.hublegal.cl\/wp-content\/uploads\/2021\/10\/EPDPCH-480x623.png 480w\" sizes=\"(min-width: 0px) and (max-width: 480px) 480px, (min-width: 481px) 703px, 100vw\" \/><\/figure>\n\n\n\n<p class=\"wp-block-paragraph\">Finalmente, publicamos\u00a0<a href=\"http:\/\/www.chiletransforma.cl\/wp-content\/uploads\/2016\/05\/Presentacion_PENEconomiaCretiva.pdf\">aqu\u00ed<\/a>\u00a0una presentaci\u00f3n acerca de del Programa estrat\u00e9gico Nacional\u00a0 de Econom\u00eda Creativa, por Sof\u00eda Lobos y Felipe Mujica, ello en el marco de la pronta publicaci\u00f3n del Plan Nacional de Fomento a la Econom\u00eda Creativa.<\/p>\n\n\n\n<figure class=\"wp-block-image size-full\"><img loading=\"lazy\" decoding=\"async\" width=\"1275\" height=\"717\" src=\"https:\/\/www.hublegal.cl\/wp-content\/uploads\/2021\/10\/PEEC.png\" alt=\"\" class=\"wp-image-343\" srcset=\"https:\/\/www.hublegal.cl\/wp-content\/uploads\/2021\/10\/PEEC.png 1275w, https:\/\/www.hublegal.cl\/wp-content\/uploads\/2021\/10\/PEEC-980x551.png 980w, https:\/\/www.hublegal.cl\/wp-content\/uploads\/2021\/10\/PEEC-480x270.png 480w\" sizes=\"(min-width: 0px) and (max-width: 480px) 480px, (min-width: 481px) and (max-width: 980px) 980px, (min-width: 981px) 1275px, 100vw\" \/><\/figure>\n\n\n\n<p class=\"wp-block-paragraph\">Francisco Mulatti, Abogado.<\/p>","protected":false},"excerpt":{"rendered":"<p>El sostenido crecimiento que ha experimentado Chile en materia de emprendimiento e innovaci\u00f3n, a tal punto que lo ha llevado al primer lugar en Latinoam\u00e9rica en este tema ha impulsado a la Gerencia de Emprendimiento de CORFO a la publicaci\u00f3n de \u201cStartup Journey, La Ruta del Emprendimiento\u201d.<\/p>","protected":false},"author":2,"featured_media":343,"comment_status":"open","ping_status":"open","sticky":false,"template":"","format":"standard","meta":{"_et_pb_use_builder":"off","_et_pb_old_content":"","_et_gb_content_width":"","inline_featured_image":false,"footnotes":""},"categories":[1],"tags":[],"class_list":["post-340","post","type-post","status-publish","format-standard","has-post-thumbnail","hentry","category-sin-categoria"],"_links":{"self":[{"href":"https:\/\/www.hublegal.cl\/en\/wp-json\/wp\/v2\/posts\/340","targetHints":{"allow":["GET"]}}],"collection":[{"href":"https:\/\/www.hublegal.cl\/en\/wp-json\/wp\/v2\/posts"}],"about":[{"href":"https:\/\/www.hublegal.cl\/en\/wp-json\/wp\/v2\/types\/post"}],"author":[{"embeddable":true,"href":"https:\/\/www.hublegal.cl\/en\/wp-json\/wp\/v2\/users\/2"}],"replies":[{"embeddable":true,"href":"https:\/\/www.hublegal.cl\/en\/wp-json\/wp\/v2\/comments?post=340"}],"version-history":[{"count":1,"href":"https:\/\/www.hublegal.cl\/en\/wp-json\/wp\/v2\/posts\/340\/revisions"}],"predecessor-version":[{"id":344,"href":"https:\/\/www.hublegal.cl\/en\/wp-json\/wp\/v2\/posts\/340\/revisions\/344"}],"wp:featuredmedia":[{"embeddable":true,"href":"https:\/\/www.hublegal.cl\/en\/wp-json\/wp\/v2\/media\/343"}],"wp:attachment":[{"href":"https:\/\/www.hublegal.cl\/en\/wp-json\/wp\/v2\/media?parent=340"}],"wp:term":[{"taxonomy":"category","embeddable":true,"href":"https:\/\/www.hublegal.cl\/en\/wp-json\/wp\/v2\/categories?post=340"},{"taxonomy":"post_tag","embeddable":true,"href":"https:\/\/www.hublegal.cl\/en\/wp-json\/wp\/v2\/tags?post=340"}],"curies":[{"name":"wp","href":"https:\/\/api.w.org\/{rel}","templated":true}]}}